{"id":1655,"date":"2022-11-30T08:03:23","date_gmt":"2022-11-30T08:03:23","guid":{"rendered":"https:\/\/www.cecasfundacio.cat\/?p=1655"},"modified":"2022-11-30T08:03:23","modified_gmt":"2022-11-30T08:03:23","slug":"el-cecas-asiste-a-las-xiv-jornadas-de-drogodependencias-de-proyecto-hombre-mujeres-y-adicciones","status":"publish","type":"post","link":"https:\/\/temp.cecasfundacio.cat\/es\/blog\/el-cecas-asiste-a-las-xiv-jornadas-de-drogodependencias-de-proyecto-hombre-mujeres-y-adicciones","title":{"rendered":"El CECAS asiste a las XIV Jornadas de Drogodependencias de Proyecto Hombre \u201cMujeres y Adicciones\u201d"},"content":{"rendered":"<style type=\"text\/css\"><\/style><p><strong>Proyecto Hombre<\/strong> organiz\u00f3 sus XIV Jornadas de Drogodependencias este 18 de noviembre. Este a\u00f1o, bajo el t\u00edtulo: \u201cMujeres y Adicciones: Una realidad Inadvertida\u201d y con la colaboraci\u00f3n de la Universidad de Barcelona, \u200b\u200by la participaci\u00f3n de siete ponentes que representan las visiones de lo que se est\u00e1 haciendo y lo que necesitamos para seguir incorporando.<\/p>\n<p>En el marco del Aula Magna del Edificio Hist\u00f3rico de la UB, las jornadas pivotaron a partir de dos ejes de trabajo, compactando en 4 horas un an\u00e1lisis de las dificultades de accesibilidad de las mujeres a los tratamientos de adicciones y una miscel\u00e1nea sobre aproximaciones a la realidad del trabajo con mujeres, y as\u00ed realizar una revisi\u00f3n sobre la perspectiva de g\u00e9nero dentro del trabajo de las adicciones.<\/p>\n<p>&nbsp;<\/p>\n<p>En la primera tabla coloquio, aparecen aspectos ya conocidos, pero que es necesario repetir para no perder de vista los retos: prevalencias de consumo, las diferentes realidades en los patrones de consumo y las barreras en los tratamientos tal y como est\u00e1n pensados; as\u00ed como el doble estigma que sufren las mujeres con problemas de consumo.<\/p>\n<p>Se reflexiona sobre el significado real de la perspectiva de g\u00e9nero en los centros, que nunca significar\u00e1 hacer lo mismo que se estaba haciendo con mujeres. Es una reflexi\u00f3n personal y de la instituci\u00f3n, es entender que los tratamientos estaban pensados \u200b\u200bbajo una mirada centrada por y por los hombres y que la adaptaci\u00f3n de los tratamientos implica entender que trabajar adicciones con mujeres es trabajar el trauma, es entender las violencias sufridas, es cambiar el estilo comunicativo, es favorecer espacios seguros, no victimizar m\u00e1s. La perspectiva de g\u00e9nero no es algo que se introduzca, sino que es una transformaci\u00f3n personal y comporta repensar los tratamientos.<\/p>\n<p>Se reclaman cambios:<\/p>\n<ol>\n<li>La necesidad de recoger los datos segregados. \u00c9sta es una petici\u00f3n que se hace desde 2013, en diferentes altavoces, pero que muchas entidades todav\u00eda no han incorporado.<\/li>\n<li>Formaci\u00f3n por los profesionales e informaci\u00f3n por el cambio social.<\/li>\n<li>Revisar el lenguaje, im\u00e1genes y espacios para ser inclusivos y seguros.<\/li>\n<\/ol>\n<p>&nbsp;<\/p>\n<p>Una mesa redonda sobre \u201cAbordajes de la intervenci\u00f3n en mujeres y adicciones\u201d concluy\u00f3 la jornada. La moder\u00f3 la Dra<strong>. Ana Adan<\/strong>, catedr\u00e1tica del Departamento de Psicolog\u00eda Cl\u00ednica y Psicobiolog\u00eda de la Facultad de Psicolog\u00eda; Instituto de Neurociencias, Universidad de Barcelona. Cont\u00f3 con la participaci\u00f3n de <strong>Zaida Ag\u00fcera<\/strong>, profesora lectora del Departamento de Enfermer\u00eda de Salud P\u00fablica, Salud Mental y Maternoinfantil, Universidad de Barcelona, <strong>\u200b\u200bMarga Segarra<\/strong>, dinamizadora de grupos de familias en Projecte Home Catalunya, <strong>Anna Albareda<\/strong>, directora de programas y alianzas estrat\u00e9gicas de la Fundaci\u00f3n SURT y Dra. <strong>Gisela Hansen<\/strong>, directora de la Asociaci\u00f3n Dianova, profesora asociada del Departamento de Psicolog\u00eda Cl\u00ednica y Psicobiolog\u00eda de la Facultad de Psicolog\u00eda de la Universidad de Barcelona, \u200b\u200bmiembro de la junta directiva de la FCD y la RIOD.<\/p>\n<p>Jornadas interesantes, que nos acercan algo m\u00e1s a la realidad de lo que es el tratamiento de las mujeres en adicciones a las que asistimos la directora de la Comunidad Terap\u00e9utica (CT) de Tarragona del CECAS <strong>Claustre Ventura<\/strong>, la psic\u00f3loga de la CT de Tarragona del CECAS\u00a0<strong>Eva Gonz\u00e1lez<\/strong> y el director general del CECAS\u00a0<strong>Ferran Sol\u00e9<\/strong>. Con el dato de una leve mejora en la retenci\u00f3n, como resultado de las pol\u00edticas recientemente instauradas.<\/p>\n<p><a href=\"https:\/\/www.cecasfundacio.cat\/wp-content\/uploads\/2022\/11\/IMG_3677-scaled.jpg\"><img loading=\"lazy\" decoding=\"async\" class=\"alignnone size-medium wp-image-1653\" src=\"https:\/\/www.cecasfundacio.cat\/wp-content\/uploads\/2022\/11\/IMG_3677-300x225.jpg\" alt=\"\" width=\"300\" height=\"225\" srcset=\"https:\/\/temp.cecasfundacio.cat\/wp-content\/uploads\/2022\/11\/IMG_3677-300x225.jpg 300w, https:\/\/temp.cecasfundacio.cat\/wp-content\/uploads\/2022\/11\/IMG_3677-1024x768.jpg 1024w, https:\/\/temp.cecasfundacio.cat\/wp-content\/uploads\/2022\/11\/IMG_3677-768x576.jpg 768w, https:\/\/temp.cecasfundacio.cat\/wp-content\/uploads\/2022\/11\/IMG_3677-1536x1152.jpg 1536w, https:\/\/temp.cecasfundacio.cat\/wp-content\/uploads\/2022\/11\/IMG_3677-2048x1536.jpg 2048w, https:\/\/temp.cecasfundacio.cat\/wp-content\/uploads\/2022\/11\/IMG_3677-580x435.jpg 580w, https:\/\/temp.cecasfundacio.cat\/wp-content\/uploads\/2022\/11\/IMG_3677-820x615.jpg 820w, https:\/\/temp.cecasfundacio.cat\/wp-content\/uploads\/2022\/11\/IMG_3677-1160x870.jpg 1160w\" sizes=\"(max-width: 300px) 100vw, 300px\" \/><\/a><\/p>\n<p>&nbsp;<\/p>\n<p><strong>Claustre Ventura<\/strong>, directora de la Comunidad Terap\u00e9utica para mujeres de Tarragona del CECAS<\/p>\n","protected":false},"excerpt":{"rendered":"<p>Proyecto Hombre organiz\u00f3 sus XIV Jornadas de Drogodependencias este 18 de noviembre. Este a\u00f1o, bajo el t\u00edtulo: \u201cMujeres y Adicciones: Una realidad Inadvertida\u201d y con la colaboraci\u00f3n de la Universidad de Barcelona, \u200b\u200by la participaci\u00f3n de siete ponentes que representan las visiones de lo que se est\u00e1 haciendo y lo que necesitamos para seguir incorporando&#8230;.<\/p>\n","protected":false},"author":3,"featured_media":1651,"comment_status":"closed","ping_status":"closed","sticky":false,"template":"","format":"standard","meta":{"footnotes":""},"categories":[7,9],"tags":[62,60,29,61,63,64],"class_list":["post-1655","post","type-post","status-publish","format-standard","has-post-thumbnail","hentry","category-blog-es","category-noticias","tag-adiccion","tag-adicciones","tag-cecas-es","tag-mujeres","tag-perspectiva-de-genero","tag-tarragona-es"],"yoast_head":"<!-- This site is optimized with the Yoast SEO plugin v23.6 - https:\/\/yoast.com\/wordpress\/plugins\/seo\/ -->\n<title>El CECAS asiste a las XIV Jornadas de Drogodependencias de Proyecto Hombre \u201cMujeres y Adicciones\u201d - Fundaci\u00f3 Cecas<\/title>\n<meta name=\"robots\" content=\"index, follow, max-snippet:-1, max-image-preview:large, max-video-preview:-1\" \/>\n<link rel=\"canonical\" href=\"https:\/\/temp.cecasfundacio.cat\/es\/blog\/el-cecas-asiste-a-las-xiv-jornadas-de-drogodependencias-de-proyecto-hombre-mujeres-y-adicciones\" \/>\n<meta property=\"og:locale\" content=\"es_ES\" \/>\n<meta property=\"og:type\" content=\"article\" \/>\n<meta property=\"og:title\" content=\"El CECAS asiste a las XIV Jornadas de Drogodependencias de Proyecto Hombre \u201cMujeres y Adicciones\u201d - Fundaci\u00f3 Cecas\" \/>\n<meta property=\"og:description\" content=\"Proyecto Hombre organiz\u00f3 sus XIV Jornadas de Drogodependencias este 18 de noviembre. Este a\u00f1o, bajo el t\u00edtulo: \u201cMujeres y Adicciones: Una realidad Inadvertida\u201d y con la colaboraci\u00f3n de la Universidad de Barcelona, \u200b\u200by la participaci\u00f3n de siete ponentes que representan las visiones de lo que se est\u00e1 haciendo y lo que necesitamos para seguir incorporando....\" \/>\n<meta property=\"og:url\" content=\"https:\/\/temp.cecasfundacio.cat\/es\/blog\/el-cecas-asiste-a-las-xiv-jornadas-de-drogodependencias-de-proyecto-hombre-mujeres-y-adicciones\" \/>\n<meta property=\"og:site_name\" content=\"Fundaci\u00f3 Cecas\" \/>\n<meta property=\"article:publisher\" content=\"https:\/\/www.facebook.com\/cecasfundacio\/\" \/>\n<meta property=\"article:published_time\" content=\"2022-11-30T08:03:23+00:00\" \/>\n<meta property=\"og:image\" content=\"https:\/\/temp.cecasfundacio.cat\/wp-content\/uploads\/2022\/11\/IMG_3681-scaled.jpg\" \/>\n\t<meta property=\"og:image:width\" content=\"2560\" \/>\n\t<meta property=\"og:image:height\" content=\"1920\" \/>\n\t<meta property=\"og:image:type\" content=\"image\/jpeg\" \/>\n<meta name=\"author\" content=\"admin-cecas\" \/>\n<meta name=\"twitter:card\" content=\"summary_large_image\" \/>\n<meta name=\"twitter:creator\" content=\"@cecasfundacio\" \/>\n<meta name=\"twitter:site\" content=\"@cecasfundacio\" \/>\n<meta name=\"twitter:label1\" content=\"Escrito por\" \/>\n\t<meta name=\"twitter:data1\" content=\"admin-cecas\" \/>\n\t<meta name=\"twitter:label2\" content=\"Tiempo de lectura\" \/>\n\t<meta name=\"twitter:data2\" content=\"4 minutos\" \/>\n<script type=\"application\/ld+json\" class=\"yoast-schema-graph\">{\"@context\":\"https:\/\/schema.org\",\"@graph\":[{\"@type\":\"Article\",\"@id\":\"https:\/\/temp.cecasfundacio.cat\/es\/blog\/el-cecas-asiste-a-las-xiv-jornadas-de-drogodependencias-de-proyecto-hombre-mujeres-y-adicciones#article\",\"isPartOf\":{\"@id\":\"https:\/\/temp.cecasfundacio.cat\/es\/blog\/el-cecas-asiste-a-las-xiv-jornadas-de-drogodependencias-de-proyecto-hombre-mujeres-y-adicciones\"},\"author\":{\"name\":\"admin-cecas\",\"@id\":\"https:\/\/temp.cecasfundacio.cat\/#\/schema\/person\/aa33550c46f68f4ae6d207363bc4c5e0\"},\"headline\":\"El CECAS asiste a las XIV Jornadas de Drogodependencias de Proyecto Hombre \u201cMujeres y Adicciones\u201d\",\"datePublished\":\"2022-11-30T08:03:23+00:00\",\"dateModified\":\"2022-11-30T08:03:23+00:00\",\"mainEntityOfPage\":{\"@id\":\"https:\/\/temp.cecasfundacio.cat\/es\/blog\/el-cecas-asiste-a-las-xiv-jornadas-de-drogodependencias-de-proyecto-hombre-mujeres-y-adicciones\"},\"wordCount\":610,\"publisher\":{\"@id\":\"https:\/\/temp.cecasfundacio.cat\/#organization\"},\"image\":{\"@id\":\"https:\/\/temp.cecasfundacio.cat\/es\/blog\/el-cecas-asiste-a-las-xiv-jornadas-de-drogodependencias-de-proyecto-hombre-mujeres-y-adicciones#primaryimage\"},\"thumbnailUrl\":\"https:\/\/temp.cecasfundacio.cat\/wp-content\/uploads\/2022\/11\/IMG_3681-scaled.jpg\",\"keywords\":[\"adicci\u00f3n\",\"adicciones\",\"CECAS\",\"mujeres\",\"perspectiva de g\u00e9nero\",\"Tarragona\"],\"articleSection\":[\"blog\",\"Noticias\"],\"inLanguage\":\"es\"},{\"@type\":\"WebPage\",\"@id\":\"https:\/\/temp.cecasfundacio.cat\/es\/blog\/el-cecas-asiste-a-las-xiv-jornadas-de-drogodependencias-de-proyecto-hombre-mujeres-y-adicciones\",\"url\":\"https:\/\/temp.cecasfundacio.cat\/es\/blog\/el-cecas-asiste-a-las-xiv-jornadas-de-drogodependencias-de-proyecto-hombre-mujeres-y-adicciones\",\"name\":\"El CECAS asiste a las XIV Jornadas de Drogodependencias de Proyecto Hombre \u201cMujeres y Adicciones\u201d - Fundaci\u00f3 Cecas\",\"isPartOf\":{\"@id\":\"https:\/\/temp.cecasfundacio.cat\/#website\"},\"primaryImageOfPage\":{\"@id\":\"https:\/\/temp.cecasfundacio.cat\/es\/blog\/el-cecas-asiste-a-las-xiv-jornadas-de-drogodependencias-de-proyecto-hombre-mujeres-y-adicciones#primaryimage\"},\"image\":{\"@id\":\"https:\/\/temp.cecasfundacio.cat\/es\/blog\/el-cecas-asiste-a-las-xiv-jornadas-de-drogodependencias-de-proyecto-hombre-mujeres-y-adicciones#primaryimage\"},\"thumbnailUrl\":\"https:\/\/temp.cecasfundacio.cat\/wp-content\/uploads\/2022\/11\/IMG_3681-scaled.jpg\",\"datePublished\":\"2022-11-30T08:03:23+00:00\",\"dateModified\":\"2022-11-30T08:03:23+00:00\",\"breadcrumb\":{\"@id\":\"https:\/\/temp.cecasfundacio.cat\/es\/blog\/el-cecas-asiste-a-las-xiv-jornadas-de-drogodependencias-de-proyecto-hombre-mujeres-y-adicciones#breadcrumb\"},\"inLanguage\":\"es\",\"potentialAction\":[{\"@type\":\"ReadAction\",\"target\":[\"https:\/\/temp.cecasfundacio.cat\/es\/blog\/el-cecas-asiste-a-las-xiv-jornadas-de-drogodependencias-de-proyecto-hombre-mujeres-y-adicciones\"]}]},{\"@type\":\"ImageObject\",\"inLanguage\":\"es\",\"@id\":\"https:\/\/temp.cecasfundacio.cat\/es\/blog\/el-cecas-asiste-a-las-xiv-jornadas-de-drogodependencias-de-proyecto-hombre-mujeres-y-adicciones#primaryimage\",\"url\":\"https:\/\/temp.cecasfundacio.cat\/wp-content\/uploads\/2022\/11\/IMG_3681-scaled.jpg\",\"contentUrl\":\"https:\/\/temp.cecasfundacio.cat\/wp-content\/uploads\/2022\/11\/IMG_3681-scaled.jpg\",\"width\":2560,\"height\":1920},{\"@type\":\"BreadcrumbList\",\"@id\":\"https:\/\/temp.cecasfundacio.cat\/es\/blog\/el-cecas-asiste-a-las-xiv-jornadas-de-drogodependencias-de-proyecto-hombre-mujeres-y-adicciones#breadcrumb\",\"itemListElement\":[{\"@type\":\"ListItem\",\"position\":1,\"name\":\"Home\",\"item\":\"https:\/\/temp.cecasfundacio.cat\/es\"},{\"@type\":\"ListItem\",\"position\":2,\"name\":\"El CECAS asiste a las XIV Jornadas de Drogodependencias de Proyecto Hombre \u201cMujeres y Adicciones\u201d\"}]},{\"@type\":\"WebSite\",\"@id\":\"https:\/\/temp.cecasfundacio.cat\/#website\",\"url\":\"https:\/\/temp.cecasfundacio.cat\/\",\"name\":\"Fundaci\u00f3 Cecas\",\"description\":\"Otro sitio realizado con WordPress\",\"publisher\":{\"@id\":\"https:\/\/temp.cecasfundacio.cat\/#organization\"},\"potentialAction\":[{\"@type\":\"SearchAction\",\"target\":{\"@type\":\"EntryPoint\",\"urlTemplate\":\"https:\/\/temp.cecasfundacio.cat\/?s={search_term_string}\"},\"query-input\":{\"@type\":\"PropertyValueSpecification\",\"valueRequired\":true,\"valueName\":\"search_term_string\"}}],\"inLanguage\":\"es\"},{\"@type\":\"Organization\",\"@id\":\"https:\/\/temp.cecasfundacio.cat\/#organization\",\"name\":\"CECAS Fundaci\u00f3\",\"url\":\"https:\/\/temp.cecasfundacio.cat\/\",\"logo\":{\"@type\":\"ImageObject\",\"inLanguage\":\"es\",\"@id\":\"https:\/\/temp.cecasfundacio.cat\/#\/schema\/logo\/image\/\",\"url\":\"https:\/\/www.cecasfundacio.cat\/wp-content\/uploads\/2015\/07\/cecas-logo.jpg\",\"contentUrl\":\"https:\/\/www.cecasfundacio.cat\/wp-content\/uploads\/2015\/07\/cecas-logo.jpg\",\"width\":250,\"height\":127,\"caption\":\"CECAS Fundaci\u00f3\"},\"image\":{\"@id\":\"https:\/\/temp.cecasfundacio.cat\/#\/schema\/logo\/image\/\"},\"sameAs\":[\"https:\/\/www.facebook.com\/cecasfundacio\/\",\"https:\/\/x.com\/cecasfundacio\"]},{\"@type\":\"Person\",\"@id\":\"https:\/\/temp.cecasfundacio.cat\/#\/schema\/person\/aa33550c46f68f4ae6d207363bc4c5e0\",\"name\":\"admin-cecas\",\"image\":{\"@type\":\"ImageObject\",\"inLanguage\":\"es\",\"@id\":\"https:\/\/temp.cecasfundacio.cat\/#\/schema\/person\/image\/\",\"url\":\"https:\/\/secure.gravatar.com\/avatar\/ee437b6e21a2ac51437ea5d5747ba8f6?s=96&d=mm&r=g\",\"contentUrl\":\"https:\/\/secure.gravatar.com\/avatar\/ee437b6e21a2ac51437ea5d5747ba8f6?s=96&d=mm&r=g\",\"caption\":\"admin-cecas\"}}]}<\/script>\n<!-- \/ Yoast SEO plugin. -->","yoast_head_json":{"title":"El CECAS asiste a las XIV Jornadas de Drogodependencias de Proyecto Hombre \u201cMujeres y Adicciones\u201d - Fundaci\u00f3 Cecas","robots":{"index":"index","follow":"follow","max-snippet":"max-snippet:-1","max-image-preview":"max-image-preview:large","max-video-preview":"max-video-preview:-1"},"canonical":"https:\/\/temp.cecasfundacio.cat\/es\/blog\/el-cecas-asiste-a-las-xiv-jornadas-de-drogodependencias-de-proyecto-hombre-mujeres-y-adicciones","og_locale":"es_ES","og_type":"article","og_title":"El CECAS asiste a las XIV Jornadas de Drogodependencias de Proyecto Hombre \u201cMujeres y Adicciones\u201d - Fundaci\u00f3 Cecas","og_description":"Proyecto Hombre organiz\u00f3 sus XIV Jornadas de Drogodependencias este 18 de noviembre. Este a\u00f1o, bajo el t\u00edtulo: \u201cMujeres y Adicciones: Una realidad Inadvertida\u201d y con la colaboraci\u00f3n de la Universidad de Barcelona, \u200b\u200by la participaci\u00f3n de siete ponentes que representan las visiones de lo que se est\u00e1 haciendo y lo que necesitamos para seguir incorporando....","og_url":"https:\/\/temp.cecasfundacio.cat\/es\/blog\/el-cecas-asiste-a-las-xiv-jornadas-de-drogodependencias-de-proyecto-hombre-mujeres-y-adicciones","og_site_name":"Fundaci\u00f3 Cecas","article_publisher":"https:\/\/www.facebook.com\/cecasfundacio\/","article_published_time":"2022-11-30T08:03:23+00:00","og_image":[{"width":2560,"height":1920,"url":"https:\/\/temp.cecasfundacio.cat\/wp-content\/uploads\/2022\/11\/IMG_3681-scaled.jpg","type":"image\/jpeg"}],"author":"admin-cecas","twitter_card":"summary_large_image","twitter_creator":"@cecasfundacio","twitter_site":"@cecasfundacio","twitter_misc":{"Escrito por":"admin-cecas","Tiempo de lectura":"4 minutos"},"schema":{"@context":"https:\/\/schema.org","@graph":[{"@type":"Article","@id":"https:\/\/temp.cecasfundacio.cat\/es\/blog\/el-cecas-asiste-a-las-xiv-jornadas-de-drogodependencias-de-proyecto-hombre-mujeres-y-adicciones#article","isPartOf":{"@id":"https:\/\/temp.cecasfundacio.cat\/es\/blog\/el-cecas-asiste-a-las-xiv-jornadas-de-drogodependencias-de-proyecto-hombre-mujeres-y-adicciones"},"author":{"name":"admin-cecas","@id":"https:\/\/temp.cecasfundacio.cat\/#\/schema\/person\/aa33550c46f68f4ae6d207363bc4c5e0"},"headline":"El CECAS asiste a las XIV Jornadas de Drogodependencias de Proyecto Hombre \u201cMujeres y Adicciones\u201d","datePublished":"2022-11-30T08:03:23+00:00","dateModified":"2022-11-30T08:03:23+00:00","mainEntityOfPage":{"@id":"https:\/\/temp.cecasfundacio.cat\/es\/blog\/el-cecas-asiste-a-las-xiv-jornadas-de-drogodependencias-de-proyecto-hombre-mujeres-y-adicciones"},"wordCount":610,"publisher":{"@id":"https:\/\/temp.cecasfundacio.cat\/#organization"},"image":{"@id":"https:\/\/temp.cecasfundacio.cat\/es\/blog\/el-cecas-asiste-a-las-xiv-jornadas-de-drogodependencias-de-proyecto-hombre-mujeres-y-adicciones#primaryimage"},"thumbnailUrl":"https:\/\/temp.cecasfundacio.cat\/wp-content\/uploads\/2022\/11\/IMG_3681-scaled.jpg","keywords":["adicci\u00f3n","adicciones","CECAS","mujeres","perspectiva de g\u00e9nero","Tarragona"],"articleSection":["blog","Noticias"],"inLanguage":"es"},{"@type":"WebPage","@id":"https:\/\/temp.cecasfundacio.cat\/es\/blog\/el-cecas-asiste-a-las-xiv-jornadas-de-drogodependencias-de-proyecto-hombre-mujeres-y-adicciones","url":"https:\/\/temp.cecasfundacio.cat\/es\/blog\/el-cecas-asiste-a-las-xiv-jornadas-de-drogodependencias-de-proyecto-hombre-mujeres-y-adicciones","name":"El CECAS asiste a las XIV Jornadas de Drogodependencias de Proyecto Hombre \u201cMujeres y Adicciones\u201d - Fundaci\u00f3 Cecas","isPartOf":{"@id":"https:\/\/temp.cecasfundacio.cat\/#website"},"primaryImageOfPage":{"@id":"https:\/\/temp.cecasfundacio.cat\/es\/blog\/el-cecas-asiste-a-las-xiv-jornadas-de-drogodependencias-de-proyecto-hombre-mujeres-y-adicciones#primaryimage"},"image":{"@id":"https:\/\/temp.cecasfundacio.cat\/es\/blog\/el-cecas-asiste-a-las-xiv-jornadas-de-drogodependencias-de-proyecto-hombre-mujeres-y-adicciones#primaryimage"},"thumbnailUrl":"https:\/\/temp.cecasfundacio.cat\/wp-content\/uploads\/2022\/11\/IMG_3681-scaled.jpg","datePublished":"2022-11-30T08:03:23+00:00","dateModified":"2022-11-30T08:03:23+00:00","breadcrumb":{"@id":"https:\/\/temp.cecasfundacio.cat\/es\/blog\/el-cecas-asiste-a-las-xiv-jornadas-de-drogodependencias-de-proyecto-hombre-mujeres-y-adicciones#breadcrumb"},"inLanguage":"es","potentialAction":[{"@type":"ReadAction","target":["https:\/\/temp.cecasfundacio.cat\/es\/blog\/el-cecas-asiste-a-las-xiv-jornadas-de-drogodependencias-de-proyecto-hombre-mujeres-y-adicciones"]}]},{"@type":"ImageObject","inLanguage":"es","@id":"https:\/\/temp.cecasfundacio.cat\/es\/blog\/el-cecas-asiste-a-las-xiv-jornadas-de-drogodependencias-de-proyecto-hombre-mujeres-y-adicciones#primaryimage","url":"https:\/\/temp.cecasfundacio.cat\/wp-content\/uploads\/2022\/11\/IMG_3681-scaled.jpg","contentUrl":"https:\/\/temp.cecasfundacio.cat\/wp-content\/uploads\/2022\/11\/IMG_3681-scaled.jpg","width":2560,"height":1920},{"@type":"BreadcrumbList","@id":"https:\/\/temp.cecasfundacio.cat\/es\/blog\/el-cecas-asiste-a-las-xiv-jornadas-de-drogodependencias-de-proyecto-hombre-mujeres-y-adicciones#breadcrumb","itemListElement":[{"@type":"ListItem","position":1,"name":"Home","item":"https:\/\/temp.cecasfundacio.cat\/es"},{"@type":"ListItem","position":2,"name":"El CECAS asiste a las XIV Jornadas de Drogodependencias de Proyecto Hombre \u201cMujeres y Adicciones\u201d"}]},{"@type":"WebSite","@id":"https:\/\/temp.cecasfundacio.cat\/#website","url":"https:\/\/temp.cecasfundacio.cat\/","name":"Fundaci\u00f3 Cecas","description":"Otro sitio realizado con WordPress","publisher":{"@id":"https:\/\/temp.cecasfundacio.cat\/#organization"},"potentialAction":[{"@type":"SearchAction","target":{"@type":"EntryPoint","urlTemplate":"https:\/\/temp.cecasfundacio.cat\/?s={search_term_string}"},"query-input":{"@type":"PropertyValueSpecification","valueRequired":true,"valueName":"search_term_string"}}],"inLanguage":"es"},{"@type":"Organization","@id":"https:\/\/temp.cecasfundacio.cat\/#organization","name":"CECAS Fundaci\u00f3","url":"https:\/\/temp.cecasfundacio.cat\/","logo":{"@type":"ImageObject","inLanguage":"es","@id":"https:\/\/temp.cecasfundacio.cat\/#\/schema\/logo\/image\/","url":"https:\/\/www.cecasfundacio.cat\/wp-content\/uploads\/2015\/07\/cecas-logo.jpg","contentUrl":"https:\/\/www.cecasfundacio.cat\/wp-content\/uploads\/2015\/07\/cecas-logo.jpg","width":250,"height":127,"caption":"CECAS Fundaci\u00f3"},"image":{"@id":"https:\/\/temp.cecasfundacio.cat\/#\/schema\/logo\/image\/"},"sameAs":["https:\/\/www.facebook.com\/cecasfundacio\/","https:\/\/x.com\/cecasfundacio"]},{"@type":"Person","@id":"https:\/\/temp.cecasfundacio.cat\/#\/schema\/person\/aa33550c46f68f4ae6d207363bc4c5e0","name":"admin-cecas","image":{"@type":"ImageObject","inLanguage":"es","@id":"https:\/\/temp.cecasfundacio.cat\/#\/schema\/person\/image\/","url":"https:\/\/secure.gravatar.com\/avatar\/ee437b6e21a2ac51437ea5d5747ba8f6?s=96&d=mm&r=g","contentUrl":"https:\/\/secure.gravatar.com\/avatar\/ee437b6e21a2ac51437ea5d5747ba8f6?s=96&d=mm&r=g","caption":"admin-cecas"}}]}},"_links":{"self":[{"href":"https:\/\/temp.cecasfundacio.cat\/es\/wp-json\/wp\/v2\/posts\/1655"}],"collection":[{"href":"https:\/\/temp.cecasfundacio.cat\/es\/wp-json\/wp\/v2\/posts"}],"about":[{"href":"https:\/\/temp.cecasfundacio.cat\/es\/wp-json\/wp\/v2\/types\/post"}],"author":[{"embeddable":true,"href":"https:\/\/temp.cecasfundacio.cat\/es\/wp-json\/wp\/v2\/users\/3"}],"replies":[{"embeddable":true,"href":"https:\/\/temp.cecasfundacio.cat\/es\/wp-json\/wp\/v2\/comments?post=1655"}],"version-history":[{"count":1,"href":"https:\/\/temp.cecasfundacio.cat\/es\/wp-json\/wp\/v2\/posts\/1655\/revisions"}],"predecessor-version":[{"id":1656,"href":"https:\/\/temp.cecasfundacio.cat\/es\/wp-json\/wp\/v2\/posts\/1655\/revisions\/1656"}],"wp:featuredmedia":[{"embeddable":true,"href":"https:\/\/temp.cecasfundacio.cat\/es\/wp-json\/wp\/v2\/media\/1651"}],"wp:attachment":[{"href":"https:\/\/temp.cecasfundacio.cat\/es\/wp-json\/wp\/v2\/media?parent=1655"}],"wp:term":[{"taxonomy":"category","embeddable":true,"href":"https:\/\/temp.cecasfundacio.cat\/es\/wp-json\/wp\/v2\/categories?post=1655"},{"taxonomy":"post_tag","embeddable":true,"href":"https:\/\/temp.cecasfundacio.cat\/es\/wp-json\/wp\/v2\/tags?post=1655"}],"curies":[{"name":"wp","href":"https:\/\/api.w.org\/{rel}","templated":true}]}}